{"id":137307,"date":"2025-09-06T01:06:26","date_gmt":"2025-09-06T01:06:26","guid":{"rendered":"https:\/\/elhourriya.net\/?p=137307"},"modified":"2025-09-06T01:08:09","modified_gmt":"2025-09-06T01:08:09","slug":"intervention-de-son-excellence-m-mohamed-vall-o-bellal-ancien-ministre-des-affaires-etrangeres-au-cours-dun-debat-organise-par-le-salon-de-la-fraternite-sur-le-theme-mauri","status":"publish","type":"post","link":"https:\/\/elhourriya.net\/?p=137307","title":{"rendered":"Intervention de Son Excellence, M. Mohamed Vall O. Bellal, ancien Ministre des Affaires \u00c9trang\u00e8res au cours d&#8217;un d\u00e9bat organis\u00e9 par le \u00ab SALON de la FRATERNIT\u00c9 \u00bb sur le th\u00e8me : \u00ab Mauritanie: Unit\u00e9 Nationale et relations entre les communaut\u00e9s \u00bb."},"content":{"rendered":"<p><iframe loading=\"lazy\" title=\"Une vision de l&#039;unit\u00e9 nationale\" width=\"500\" height=\"375\" src=\"https:\/\/www.youtube.com\/embed\/RZszwwUjZok?feature=oembed\" frameborder=\"0\" allow=\"accelerometer; autoplay; clipboard-write; encrypted-media; gyroscope; picture-in-picture; web-share\" referrerpolicy=\"strict-origin-when-cross-origin\" allowfullscreen><\/iframe><\/p>\n","protected":false},"excerpt":{"rendered":"","protected":false},"author":2,"featured_media":137308,"comment_status":"open","ping_status":"open","sticky":false,"template":"","format":"standard","meta":{"_jetpack_memberships_contains_paid_content":false,"footnotes":""},"categories":[2,146],"tags":[],"class_list":["post-137307","post","type-post","status-publish","format-standard","has-post-thumbnail","hentry","category-slider","category-146"],"yoast_head":"<!-- This site is optimized with the Yoast SEO plugin v24.0 - https:\/\/yoast.com\/wordpress\/plugins\/seo\/ -->\n<title>Intervention de Son Excellence, M. Mohamed Vall O. Bellal, ancien Ministre des Affaires \u00c9trang\u00e8res au cours d&#039;un d\u00e9bat organis\u00e9 par le \u00ab SALON de la FRATERNIT\u00c9 \u00bb sur le th\u00e8me : \u00ab Mauritanie: Unit\u00e9 Nationale et relations entre les communaut\u00e9s \u00bb. - \u0627\u0644\u062d\u0631\u064a\u0629 \u0646\u062a<\/title>\n<meta name=\"robots\" content=\"index, follow, max-snippet:-1, max-image-preview:large, max-video-preview:-1\" \/>\n<link rel=\"canonical\" href=\"https:\/\/elhourriya.net\/?p=137307\" \/>\n<meta property=\"og:locale\" content=\"ar_AR\" \/>\n<meta property=\"og:type\" content=\"article\" \/>\n<meta property=\"og:title\" content=\"Intervention de Son Excellence, M. Mohamed Vall O. Bellal, ancien Ministre des Affaires \u00c9trang\u00e8res au cours d&#039;un d\u00e9bat organis\u00e9 par le \u00ab SALON de la FRATERNIT\u00c9 \u00bb sur le th\u00e8me : \u00ab Mauritanie: Unit\u00e9 Nationale et relations entre les communaut\u00e9s \u00bb. - \u0627\u0644\u062d\u0631\u064a\u0629 \u0646\u062a\" \/>\n<meta property=\"og:url\" content=\"https:\/\/elhourriya.net\/?p=137307\" \/>\n<meta property=\"og:site_name\" content=\"\u0627\u0644\u062d\u0631\u064a\u0629 \u0646\u062a\" \/>\n<meta property=\"article:published_time\" content=\"2025-09-06T01:06:26+00:00\" \/>\n<meta property=\"article:modified_time\" content=\"2025-09-06T01:08:09+00:00\" \/>\n<meta property=\"og:image\" content=\"https:\/\/elhourriya.net\/wp-content\/uploads\/2025\/09\/Design-Image-scaled.jpeg\" \/>\n\t<meta property=\"og:image:width\" content=\"2560\" \/>\n\t<meta property=\"og:image:height\" content=\"1920\" \/>\n\t<meta property=\"og:image:type\" content=\"image\/jpeg\" \/>\n<meta name=\"author\" content=\"\u0627\u0644\u062a\u062d\u0631\u064a\u0631\" \/>\n<meta name=\"twitter:card\" content=\"summary_large_image\" \/>\n<meta name=\"twitter:label1\" content=\"\u0643\u064f\u062a\u0628 \u0628\u0648\u0627\u0633\u0637\u0629\" \/>\n\t<meta name=\"twitter:data1\" content=\"\u0627\u0644\u062a\u062d\u0631\u064a\u0631\" \/>\n\t<meta name=\"twitter:label2\" content=\"\u0648\u0642\u062a \u0627\u0644\u0642\u0631\u0627\u0621\u0629 \u0627\u0644\u0645\u064f\u0642\u062f\u0651\u0631\" \/>\n\t<meta name=\"twitter:data2\" content=\"\u062f\u0642\u064a\u0642\u0629 \u0648\u0627\u062d\u062f\u0629\" \/>\n<script type=\"application\/ld+json\" class=\"yoast-schema-graph\">{\"@context\":\"https:\/\/schema.org\",\"@graph\":[{\"@type\":\"WebPage\",\"@id\":\"https:\/\/elhourriya.net\/?p=137307\",\"url\":\"https:\/\/elhourriya.net\/?p=137307\",\"name\":\"Intervention de Son Excellence, M. Mohamed Vall O. Bellal, ancien Ministre des Affaires \u00c9trang\u00e8res au cours d'un d\u00e9bat organis\u00e9 par le \u00ab SALON de la FRATERNIT\u00c9 \u00bb sur le th\u00e8me : \u00ab Mauritanie: Unit\u00e9 Nationale et relations entre les communaut\u00e9s \u00bb. - \u0627\u0644\u062d\u0631\u064a\u0629 \u0646\u062a\",\"isPartOf\":{\"@id\":\"https:\/\/elhourriya.net\/#website\"},\"primaryImageOfPage\":{\"@id\":\"https:\/\/elhourriya.net\/?p=137307#primaryimage\"},\"image\":{\"@id\":\"https:\/\/elhourriya.net\/?p=137307#primaryimage\"},\"thumbnailUrl\":\"https:\/\/elhourriya.net\/wp-content\/uploads\/2025\/09\/Design-Image-scaled.jpeg\",\"datePublished\":\"2025-09-06T01:06:26+00:00\",\"dateModified\":\"2025-09-06T01:08:09+00:00\",\"author\":{\"@id\":\"https:\/\/elhourriya.net\/#\/schema\/person\/8221bba1bd36d7c5f88c588749b23da5\"},\"breadcrumb\":{\"@id\":\"https:\/\/elhourriya.net\/?p=137307#breadcrumb\"},\"inLanguage\":\"ar\",\"potentialAction\":[{\"@type\":\"ReadAction\",\"target\":[\"https:\/\/elhourriya.net\/?p=137307\"]}]},{\"@type\":\"ImageObject\",\"inLanguage\":\"ar\",\"@id\":\"https:\/\/elhourriya.net\/?p=137307#primaryimage\",\"url\":\"https:\/\/elhourriya.net\/wp-content\/uploads\/2025\/09\/Design-Image-scaled.jpeg\",\"contentUrl\":\"https:\/\/elhourriya.net\/wp-content\/uploads\/2025\/09\/Design-Image-scaled.jpeg\",\"width\":2560,\"height\":1920},{\"@type\":\"BreadcrumbList\",\"@id\":\"https:\/\/elhourriya.net\/?p=137307#breadcrumb\",\"itemListElement\":[{\"@type\":\"ListItem\",\"position\":1,\"name\":\"\u0627\u0644\u0631\u0626\u064a\u0633\u064a\u0629\",\"item\":\"https:\/\/elhourriya.net\/\"},{\"@type\":\"ListItem\",\"position\":2,\"name\":\"Intervention de Son Excellence, M. Mohamed Vall O. Bellal, ancien Ministre des Affaires \u00c9trang\u00e8res au cours d&#8217;un d\u00e9bat organis\u00e9 par le \u00ab SALON de la FRATERNIT\u00c9 \u00bb sur le th\u00e8me : \u00ab Mauritanie: Unit\u00e9 Nationale et relations entre les communaut\u00e9s \u00bb.\"}]},{\"@type\":\"WebSite\",\"@id\":\"https:\/\/elhourriya.net\/#website\",\"url\":\"https:\/\/elhourriya.net\/\",\"name\":\"\u0627\u0644\u062d\u0631\u064a\u0629 \u0646\u062a\",\"description\":\"\u0623\u062e\u0628\u0627\u0631 \u0645\u0648\u0631\u064a\u062a\u0627\u0646\u064a\u0627 \u0648\u0627\u0644\u0639\u0627\u0644\u0645\",\"potentialAction\":[{\"@type\":\"SearchAction\",\"target\":{\"@type\":\"EntryPoint\",\"urlTemplate\":\"https:\/\/elhourriya.net\/?s={search_term_string}\"},\"query-input\":{\"@type\":\"PropertyValueSpecification\",\"valueRequired\":true,\"valueName\":\"search_term_string\"}}],\"inLanguage\":\"ar\"},{\"@type\":\"Person\",\"@id\":\"https:\/\/elhourriya.net\/#\/schema\/person\/8221bba1bd36d7c5f88c588749b23da5\",\"name\":\"\u0627\u0644\u062a\u062d\u0631\u064a\u0631\",\"image\":{\"@type\":\"ImageObject\",\"inLanguage\":\"ar\",\"@id\":\"https:\/\/elhourriya.net\/#\/schema\/person\/image\/\",\"url\":\"https:\/\/secure.gravatar.com\/avatar\/4282ed4ddbefa9ab06bc0554afa6669a28a1e9dd0afea3d135a29d413a660a19?s=96&d=mm&r=g\",\"contentUrl\":\"https:\/\/secure.gravatar.com\/avatar\/4282ed4ddbefa9ab06bc0554afa6669a28a1e9dd0afea3d135a29d413a660a19?s=96&d=mm&r=g\",\"caption\":\"\u0627\u0644\u062a\u062d\u0631\u064a\u0631\"},\"url\":\"https:\/\/elhourriya.net\/?author=2\"}]}<\/script>\n<!-- \/ Yoast SEO plugin. -->","yoast_head_json":{"title":"Intervention de Son Excellence, M. Mohamed Vall O. Bellal, ancien Ministre des Affaires \u00c9trang\u00e8res au cours d'un d\u00e9bat organis\u00e9 par le \u00ab SALON de la FRATERNIT\u00c9 \u00bb sur le th\u00e8me : \u00ab Mauritanie: Unit\u00e9 Nationale et relations entre les communaut\u00e9s \u00bb. - \u0627\u0644\u062d\u0631\u064a\u0629 \u0646\u062a","robots":{"index":"index","follow":"follow","max-snippet":"max-snippet:-1","max-image-preview":"max-image-preview:large","max-video-preview":"max-video-preview:-1"},"canonical":"https:\/\/elhourriya.net\/?p=137307","og_locale":"ar_AR","og_type":"article","og_title":"Intervention de Son Excellence, M. Mohamed Vall O. Bellal, ancien Ministre des Affaires \u00c9trang\u00e8res au cours d'un d\u00e9bat organis\u00e9 par le \u00ab SALON de la FRATERNIT\u00c9 \u00bb sur le th\u00e8me : \u00ab Mauritanie: Unit\u00e9 Nationale et relations entre les communaut\u00e9s \u00bb. - \u0627\u0644\u062d\u0631\u064a\u0629 \u0646\u062a","og_url":"https:\/\/elhourriya.net\/?p=137307","og_site_name":"\u0627\u0644\u062d\u0631\u064a\u0629 \u0646\u062a","article_published_time":"2025-09-06T01:06:26+00:00","article_modified_time":"2025-09-06T01:08:09+00:00","og_image":[{"width":2560,"height":1920,"url":"https:\/\/elhourriya.net\/wp-content\/uploads\/2025\/09\/Design-Image-scaled.jpeg","type":"image\/jpeg"}],"author":"\u0627\u0644\u062a\u062d\u0631\u064a\u0631","twitter_card":"summary_large_image","twitter_misc":{"\u0643\u064f\u062a\u0628 \u0628\u0648\u0627\u0633\u0637\u0629":"\u0627\u0644\u062a\u062d\u0631\u064a\u0631","\u0648\u0642\u062a \u0627\u0644\u0642\u0631\u0627\u0621\u0629 \u0627\u0644\u0645\u064f\u0642\u062f\u0651\u0631":"\u062f\u0642\u064a\u0642\u0629 \u0648\u0627\u062d\u062f\u0629"},"schema":{"@context":"https:\/\/schema.org","@graph":[{"@type":"WebPage","@id":"https:\/\/elhourriya.net\/?p=137307","url":"https:\/\/elhourriya.net\/?p=137307","name":"Intervention de Son Excellence, M. Mohamed Vall O. Bellal, ancien Ministre des Affaires \u00c9trang\u00e8res au cours d'un d\u00e9bat organis\u00e9 par le \u00ab SALON de la FRATERNIT\u00c9 \u00bb sur le th\u00e8me : \u00ab Mauritanie: Unit\u00e9 Nationale et relations entre les communaut\u00e9s \u00bb. - \u0627\u0644\u062d\u0631\u064a\u0629 \u0646\u062a","isPartOf":{"@id":"https:\/\/elhourriya.net\/#website"},"primaryImageOfPage":{"@id":"https:\/\/elhourriya.net\/?p=137307#primaryimage"},"image":{"@id":"https:\/\/elhourriya.net\/?p=137307#primaryimage"},"thumbnailUrl":"https:\/\/elhourriya.net\/wp-content\/uploads\/2025\/09\/Design-Image-scaled.jpeg","datePublished":"2025-09-06T01:06:26+00:00","dateModified":"2025-09-06T01:08:09+00:00","author":{"@id":"https:\/\/elhourriya.net\/#\/schema\/person\/8221bba1bd36d7c5f88c588749b23da5"},"breadcrumb":{"@id":"https:\/\/elhourriya.net\/?p=137307#breadcrumb"},"inLanguage":"ar","potentialAction":[{"@type":"ReadAction","target":["https:\/\/elhourriya.net\/?p=137307"]}]},{"@type":"ImageObject","inLanguage":"ar","@id":"https:\/\/elhourriya.net\/?p=137307#primaryimage","url":"https:\/\/elhourriya.net\/wp-content\/uploads\/2025\/09\/Design-Image-scaled.jpeg","contentUrl":"https:\/\/elhourriya.net\/wp-content\/uploads\/2025\/09\/Design-Image-scaled.jpeg","width":2560,"height":1920},{"@type":"BreadcrumbList","@id":"https:\/\/elhourriya.net\/?p=137307#breadcrumb","itemListElement":[{"@type":"ListItem","position":1,"name":"\u0627\u0644\u0631\u0626\u064a\u0633\u064a\u0629","item":"https:\/\/elhourriya.net\/"},{"@type":"ListItem","position":2,"name":"Intervention de Son Excellence, M. Mohamed Vall O. Bellal, ancien Ministre des Affaires \u00c9trang\u00e8res au cours d&#8217;un d\u00e9bat organis\u00e9 par le \u00ab SALON de la FRATERNIT\u00c9 \u00bb sur le th\u00e8me : \u00ab Mauritanie: Unit\u00e9 Nationale et relations entre les communaut\u00e9s \u00bb."}]},{"@type":"WebSite","@id":"https:\/\/elhourriya.net\/#website","url":"https:\/\/elhourriya.net\/","name":"\u0627\u0644\u062d\u0631\u064a\u0629 \u0646\u062a","description":"\u0623\u062e\u0628\u0627\u0631 \u0645\u0648\u0631\u064a\u062a\u0627\u0646\u064a\u0627 \u0648\u0627\u0644\u0639\u0627\u0644\u0645","potentialAction":[{"@type":"SearchAction","target":{"@type":"EntryPoint","urlTemplate":"https:\/\/elhourriya.net\/?s={search_term_string}"},"query-input":{"@type":"PropertyValueSpecification","valueRequired":true,"valueName":"search_term_string"}}],"inLanguage":"ar"},{"@type":"Person","@id":"https:\/\/elhourriya.net\/#\/schema\/person\/8221bba1bd36d7c5f88c588749b23da5","name":"\u0627\u0644\u062a\u062d\u0631\u064a\u0631","image":{"@type":"ImageObject","inLanguage":"ar","@id":"https:\/\/elhourriya.net\/#\/schema\/person\/image\/","url":"https:\/\/secure.gravatar.com\/avatar\/4282ed4ddbefa9ab06bc0554afa6669a28a1e9dd0afea3d135a29d413a660a19?s=96&d=mm&r=g","contentUrl":"https:\/\/secure.gravatar.com\/avatar\/4282ed4ddbefa9ab06bc0554afa6669a28a1e9dd0afea3d135a29d413a660a19?s=96&d=mm&r=g","caption":"\u0627\u0644\u062a\u062d\u0631\u064a\u0631"},"url":"https:\/\/elhourriya.net\/?author=2"}]}},"jetpack_featured_media_url":"https:\/\/elhourriya.net\/wp-content\/uploads\/2025\/09\/Design-Image-scaled.jpeg","jetpack-related-posts":[],"jetpack_shortlink":"https:\/\/wp.me\/p7RFhg-zID","jetpack_sharing_enabled":true,"_links":{"self":[{"href":"https:\/\/elhourriya.net\/index.php?rest_route=\/wp\/v2\/posts\/137307","targetHints":{"allow":["GET"]}}],"collection":[{"href":"https:\/\/elhourriya.net\/index.php?rest_route=\/wp\/v2\/posts"}],"about":[{"href":"https:\/\/elhourriya.net\/index.php?rest_route=\/wp\/v2\/types\/post"}],"author":[{"embeddable":true,"href":"https:\/\/elhourriya.net\/index.php?rest_route=\/wp\/v2\/users\/2"}],"replies":[{"embeddable":true,"href":"https:\/\/elhourriya.net\/index.php?rest_route=%2Fwp%2Fv2%2Fcomments&post=137307"}],"version-history":[{"count":2,"href":"https:\/\/elhourriya.net\/index.php?rest_route=\/wp\/v2\/posts\/137307\/revisions"}],"predecessor-version":[{"id":137310,"href":"https:\/\/elhourriya.net\/index.php?rest_route=\/wp\/v2\/posts\/137307\/revisions\/137310"}],"wp:featuredmedia":[{"embeddable":true,"href":"https:\/\/elhourriya.net\/index.php?rest_route=\/wp\/v2\/media\/137308"}],"wp:attachment":[{"href":"https:\/\/elhourriya.net\/index.php?rest_route=%2Fwp%2Fv2%2Fmedia&parent=137307"}],"wp:term":[{"taxonomy":"category","embeddable":true,"href":"https:\/\/elhourriya.net\/index.php?rest_route=%2Fwp%2Fv2%2Fcategories&post=137307"},{"taxonomy":"post_tag","embeddable":true,"href":"https:\/\/elhourriya.net\/index.php?rest_route=%2Fwp%2Fv2%2Ftags&post=137307"}],"curies":[{"name":"wp","href":"https:\/\/api.w.org\/{rel}","templated":true}]}}